{"id":5633,"date":"2021-10-13T19:28:53","date_gmt":"2021-10-13T19:28:53","guid":{"rendered":"https:\/\/morandewinegroup.cl\/site\/?p=5633"},"modified":"2021-10-13T19:28:53","modified_gmt":"2021-10-13T19:28:53","slug":"morande-elegida-vina-del-ano-2022","status":"publish","type":"post","link":"https:\/\/morandewinegroup.cl\/site\/2021\/10\/morande-elegida-vina-del-ano-2022\/","title":{"rendered":"Morand\u00e9 elegida Vi\u00f1a del A\u00f1o 2022"},"content":{"rendered":"<p>[vc_row row_type=\u00bbrow\u00bb use_row_as_full_screen_section=\u00bbno\u00bb type=\u00bbfull_width\u00bb angled_section=\u00bbno\u00bb text_align=\u00bbleft\u00bb background_image_as_pattern=\u00bbwithout_pattern\u00bb][vc_column][vc_column_text]<em>A la elecci\u00f3n de House of Morand\u00e9 2019 como Mejor Tinto de Chile, se suma el reconocimiento de Vi\u00f1a Morand\u00e9 como Vi\u00f1a del A\u00f1o 2022, premio que por primera vez entrega Gu\u00eda Descorchados en su historia a una vi\u00f1a chilena, consolidando una espectacular participaci\u00f3n en la m\u00e1s prestigiosa gu\u00eda de vinos de Chile.<br \/>\n<\/em>[\/vc_column_text][\/vc_column][\/vc_row][vc_row row_type=\u00bbrow\u00bb use_row_as_full_screen_section=\u00bbno\u00bb type=\u00bbfull_width\u00bb angled_section=\u00bbno\u00bb text_align=\u00bbleft\u00bb background_image_as_pattern=\u00bbwithout_pattern\u00bb][vc_column][vc_column_text]Vi\u00f1a Morand\u00e9 ha sido ampliamente reconocida por la prestigiosa gu\u00eda Descorchados. El respetado periodista Patricio Tapia nombr\u00f3 a Vi\u00f1a Morand\u00e9 como Vi\u00f1a del A\u00f1o 2022, destacando el esp\u00edritu din\u00e1mico, aventurero y rupturista de la vi\u00f1a a lo largo de sus 25 a\u00f1os de trayectoria, distinguiendo su visi\u00f3n de futuro y dinamismo se\u00f1alando que Vi\u00f1a Morand\u00e9 es \u00abuna bodega determinante la historia reciente del vino chileno\u00bb.<\/p>\n<p>Este importante reconocimiento -que por primera vez entrega Descorchados a una vi\u00f1a chilena- se suma a la elecci\u00f3n de House of Morand\u00e9 2019 como Mejor Tinto de Chile, Mejor Mezcla Tinta y Mejor Vino de Maipo Andes y consolida el compromiso que ha adquirido la vi\u00f1a por mostrar la gran diversidad de terroirs en Chile y la riqueza de variedades presentes en el pa\u00eds.<\/p>\n<p>Patricio Tapia un destacado periodista chileno con una extensa trayectoria en la cobertura de los vinos chilenos y sudamericanos para los m\u00e1s prestigiosos medios de prensa internacionales como son la revista norteamericana Wine&amp;Sprits y la inglesa Decanter.<\/p>\n<p>[\/vc_column_text][\/vc_column][\/vc_row][vc_row row_type=\u00bbrow\u00bb use_row_as_full_screen_section=\u00bbno\u00bb type=\u00bbfull_width\u00bb angled_section=\u00bbno\u00bb text_align=\u00bbleft\u00bb background_image_as_pattern=\u00bbwithout_pattern\u00bb][vc_column][vc_empty_space height=\u00bb20px\u00bb][\/vc_column][\/vc_row][vc_row row_type=\u00bbrow\u00bb use_row_as_full_screen_section=\u00bbno\u00bb type=\u00bbfull_width\u00bb angled_section=\u00bbno\u00bb text_align=\u00bbleft\u00bb background_image_as_pattern=\u00bbwithout_pattern\u00bb][vc_column width=\u00bb1\/4&#8243;][\/vc_column][vc_column width=\u00bb1\/2&#8243;][vc_single_image image=\u00bb5634&#8243; img_size=\u00bbfull\u00bb qode_css_animation=\u00bb\u00bb][\/vc_column][vc_column width=\u00bb1\/4&#8243;][\/vc_column][\/vc_row][vc_row row_type=\u00bbrow\u00bb use_row_as_full_screen_section=\u00bbno\u00bb type=\u00bbfull_width\u00bb angled_section=\u00bbno\u00bb text_align=\u00bbleft\u00bb background_image_as_pattern=\u00bbwithout_pattern\u00bb][vc_column][vc_empty_space height=\u00bb20px\u00bb][\/vc_column][\/vc_row]<\/p>\n","protected":false},"excerpt":{"rendered":"<p>[vc_row row_type=\u00bbrow\u00bb use_row_as_full_screen_section=\u00bbno\u00bb type=\u00bbfull_width\u00bb angled_section=\u00bbno\u00bb text_align=\u00bbleft\u00bb background_image_as_pattern=\u00bbwithout_pattern\u00bb][vc_column][vc_column_text]A la elecci\u00f3n de House of Morand\u00e9 2019 como Mejor Tinto de Chile, se suma el reconocimiento de Vi\u00f1a Morand\u00e9 como Vi\u00f1a del A\u00f1o 2022, premio que por primera vez entrega Gu\u00eda Descorchados en su historia a una vi\u00f1a chilena, consolidando una espectacular participaci\u00f3n en la m\u00e1s prestigiosa gu\u00eda<\/p>\n","protected":false},"author":1,"featured_media":5636,"comment_status":"open","ping_status":"open","sticky":false,"template":"","format":"standard","meta":{"footnotes":""},"categories":[3],"tags":[294,143,295,296,297],"class_list":{"0":"post-5633","1":"post","2":"type-post","3":"status-publish","4":"format-standard","5":"has-post-thumbnail","7":"category-noticias","8":"tag-guia-descorchado","9":"tag-house-of-morande","10":"tag-maipo-andes","11":"tag-mejor-mezcla-tinta","12":"tag-mejor-tinto-de-chile"},"yoast_head":"<!-- This site is optimized with the Yoast SEO plugin v25.8 - https:\/\/yoast.com\/wordpress\/plugins\/seo\/ -->\n<title>Morand\u00e9 elegida Vi\u00f1a del A\u00f1o 2022 ~ Morande Wine Group<\/title>\n<meta name=\"robots\" content=\"index, follow, max-snippet:-1, max-image-preview:large, max-video-preview:-1\" \/>\n<link rel=\"canonical\" href=\"https:\/\/morandewinegroup.cl\/site\/2021\/10\/morande-elegida-vina-del-ano-2022\/\" \/>\n<meta property=\"og:locale\" content=\"es_ES\" \/>\n<meta property=\"og:type\" content=\"article\" \/>\n<meta property=\"og:title\" content=\"Morand\u00e9 elegida Vi\u00f1a del A\u00f1o 2022 ~ Morande Wine Group\" \/>\n<meta property=\"og:description\" content=\"[vc_row row_type=\u00bbrow\u00bb use_row_as_full_screen_section=\u00bbno\u00bb type=\u00bbfull_width\u00bb angled_section=\u00bbno\u00bb text_align=\u00bbleft\u00bb background_image_as_pattern=\u00bbwithout_pattern\u00bb][vc_column][vc_column_text]A la elecci\u00f3n de House of Morand\u00e9 2019 como Mejor Tinto de Chile, se suma el reconocimiento de Vi\u00f1a Morand\u00e9 como Vi\u00f1a del A\u00f1o 2022, premio que por primera vez entrega Gu\u00eda Descorchados en su historia a una vi\u00f1a chilena, consolidando una espectacular participaci\u00f3n en la m\u00e1s prestigiosa gu\u00eda\" \/>\n<meta property=\"og:url\" content=\"https:\/\/morandewinegroup.cl\/site\/2021\/10\/morande-elegida-vina-del-ano-2022\/\" \/>\n<meta property=\"og:site_name\" content=\"Morande Wine Group\" \/>\n<meta property=\"article:published_time\" content=\"2021-10-13T19:28:53+00:00\" \/>\n<meta property=\"og:image\" content=\"https:\/\/morandewinegroup.cl\/site\/wp-content\/uploads\/2021\/10\/BANNER_DECSCORCHADOS_VINZADELANZO_ENG1920X820_ESP.jpg\" \/>\n\t<meta property=\"og:image:width\" content=\"1920\" \/>\n\t<meta property=\"og:image:height\" content=\"820\" \/>\n\t<meta property=\"og:image:type\" content=\"image\/jpeg\" \/>\n<meta name=\"author\" content=\"MWG\" \/>\n<meta name=\"twitter:card\" content=\"summary_large_image\" \/>\n<meta name=\"twitter:label1\" content=\"Escrito por\" \/>\n\t<meta name=\"twitter:data1\" content=\"MWG\" \/>\n\t<meta name=\"twitter:label2\" content=\"Tiempo de lectura\" \/>\n\t<meta name=\"twitter:data2\" content=\"2 minutos\" \/>\n<script type=\"application\/ld+json\" class=\"yoast-schema-graph\">{\"@context\":\"https:\/\/schema.org\",\"@graph\":[{\"@type\":\"Article\",\"@id\":\"https:\/\/morandewinegroup.cl\/site\/2021\/10\/morande-elegida-vina-del-ano-2022\/#article\",\"isPartOf\":{\"@id\":\"https:\/\/morandewinegroup.cl\/site\/2021\/10\/morande-elegida-vina-del-ano-2022\/\"},\"author\":{\"name\":\"MWG\",\"@id\":\"https:\/\/morandewinegroup.cl\/site\/#\/schema\/person\/b48d11b273dad3f23aef88ce0de2387d\"},\"headline\":\"Morand\u00e9 elegida Vi\u00f1a del A\u00f1o 2022\",\"datePublished\":\"2021-10-13T19:28:53+00:00\",\"mainEntityOfPage\":{\"@id\":\"https:\/\/morandewinegroup.cl\/site\/2021\/10\/morande-elegida-vina-del-ano-2022\/\"},\"wordCount\":457,\"commentCount\":0,\"publisher\":{\"@id\":\"https:\/\/morandewinegroup.cl\/site\/#organization\"},\"image\":{\"@id\":\"https:\/\/morandewinegroup.cl\/site\/2021\/10\/morande-elegida-vina-del-ano-2022\/#primaryimage\"},\"thumbnailUrl\":\"https:\/\/morandewinegroup.cl\/site\/wp-content\/uploads\/2021\/10\/BANNER_DECSCORCHADOS_VINZADELANZO_ENG1920X820_ESP.jpg\",\"keywords\":[\"guia descorchado\",\"House Of Morand\u00e9\",\"maipo andes\",\"mejor mezcla tinta\",\"mejor tinto de chile\"],\"articleSection\":[\"Noticias\"],\"inLanguage\":\"es\",\"potentialAction\":[{\"@type\":\"CommentAction\",\"name\":\"Comment\",\"target\":[\"https:\/\/morandewinegroup.cl\/site\/2021\/10\/morande-elegida-vina-del-ano-2022\/#respond\"]}]},{\"@type\":\"WebPage\",\"@id\":\"https:\/\/morandewinegroup.cl\/site\/2021\/10\/morande-elegida-vina-del-ano-2022\/\",\"url\":\"https:\/\/morandewinegroup.cl\/site\/2021\/10\/morande-elegida-vina-del-ano-2022\/\",\"name\":\"Morand\u00e9 elegida Vi\u00f1a del A\u00f1o 2022 ~ Morande Wine Group\",\"isPartOf\":{\"@id\":\"https:\/\/morandewinegroup.cl\/site\/#website\"},\"primaryImageOfPage\":{\"@id\":\"https:\/\/morandewinegroup.cl\/site\/2021\/10\/morande-elegida-vina-del-ano-2022\/#primaryimage\"},\"image\":{\"@id\":\"https:\/\/morandewinegroup.cl\/site\/2021\/10\/morande-elegida-vina-del-ano-2022\/#primaryimage\"},\"thumbnailUrl\":\"https:\/\/morandewinegroup.cl\/site\/wp-content\/uploads\/2021\/10\/BANNER_DECSCORCHADOS_VINZADELANZO_ENG1920X820_ESP.jpg\",\"datePublished\":\"2021-10-13T19:28:53+00:00\",\"breadcrumb\":{\"@id\":\"https:\/\/morandewinegroup.cl\/site\/2021\/10\/morande-elegida-vina-del-ano-2022\/#breadcrumb\"},\"inLanguage\":\"es\",\"potentialAction\":[{\"@type\":\"ReadAction\",\"target\":[\"https:\/\/morandewinegroup.cl\/site\/2021\/10\/morande-elegida-vina-del-ano-2022\/\"]}]},{\"@type\":\"ImageObject\",\"inLanguage\":\"es\",\"@id\":\"https:\/\/morandewinegroup.cl\/site\/2021\/10\/morande-elegida-vina-del-ano-2022\/#primaryimage\",\"url\":\"https:\/\/morandewinegroup.cl\/site\/wp-content\/uploads\/2021\/10\/BANNER_DECSCORCHADOS_VINZADELANZO_ENG1920X820_ESP.jpg\",\"contentUrl\":\"https:\/\/morandewinegroup.cl\/site\/wp-content\/uploads\/2021\/10\/BANNER_DECSCORCHADOS_VINZADELANZO_ENG1920X820_ESP.jpg\",\"width\":1920,\"height\":820},{\"@type\":\"BreadcrumbList\",\"@id\":\"https:\/\/morandewinegroup.cl\/site\/2021\/10\/morande-elegida-vina-del-ano-2022\/#breadcrumb\",\"itemListElement\":[{\"@type\":\"ListItem\",\"position\":1,\"name\":\"Portada\",\"item\":\"https:\/\/morandewinegroup.cl\/site\/\"},{\"@type\":\"ListItem\",\"position\":2,\"name\":\"Morand\u00e9 elegida Vi\u00f1a del A\u00f1o 2022\"}]},{\"@type\":\"WebSite\",\"@id\":\"https:\/\/morandewinegroup.cl\/site\/#website\",\"url\":\"https:\/\/morandewinegroup.cl\/site\/\",\"name\":\"Morande Wine Group\",\"description\":\"Grupo Enol\u00f3gico de mayor alcance en Chile\",\"publisher\":{\"@id\":\"https:\/\/morandewinegroup.cl\/site\/#organization\"},\"alternateName\":\"MWG\",\"potentialAction\":[{\"@type\":\"SearchAction\",\"target\":{\"@type\":\"EntryPoint\",\"urlTemplate\":\"https:\/\/morandewinegroup.cl\/site\/?s={search_term_string}\"},\"query-input\":{\"@type\":\"PropertyValueSpecification\",\"valueRequired\":true,\"valueName\":\"search_term_string\"}}],\"inLanguage\":\"es\"},{\"@type\":\"Organization\",\"@id\":\"https:\/\/morandewinegroup.cl\/site\/#organization\",\"name\":\"Morande Wine Group\",\"alternateName\":\"MWG\",\"url\":\"https:\/\/morandewinegroup.cl\/site\/\",\"logo\":{\"@type\":\"ImageObject\",\"inLanguage\":\"es\",\"@id\":\"https:\/\/morandewinegroup.cl\/site\/#\/schema\/logo\/image\/\",\"url\":\"https:\/\/morandewinegroup.cl\/site\/wp-content\/uploads\/2025\/07\/cropped-mwg-fav2.png\",\"contentUrl\":\"https:\/\/morandewinegroup.cl\/site\/wp-content\/uploads\/2025\/07\/cropped-mwg-fav2.png\",\"width\":512,\"height\":512,\"caption\":\"Morande Wine Group\"},\"image\":{\"@id\":\"https:\/\/morandewinegroup.cl\/site\/#\/schema\/logo\/image\/\"}},{\"@type\":\"Person\",\"@id\":\"https:\/\/morandewinegroup.cl\/site\/#\/schema\/person\/b48d11b273dad3f23aef88ce0de2387d\",\"name\":\"MWG\",\"image\":{\"@type\":\"ImageObject\",\"inLanguage\":\"es\",\"@id\":\"https:\/\/morandewinegroup.cl\/site\/#\/schema\/person\/image\/\",\"url\":\"https:\/\/secure.gravatar.com\/avatar\/6cbc9afd354fd8e3628bba7005ecc0e4254ba241d03ba549315e39f07576ea8f?s=96&d=mm&r=g\",\"contentUrl\":\"https:\/\/secure.gravatar.com\/avatar\/6cbc9afd354fd8e3628bba7005ecc0e4254ba241d03ba549315e39f07576ea8f?s=96&d=mm&r=g\",\"caption\":\"MWG\"},\"sameAs\":[\"https:\/\/morandewinegroup.cl\/site\"],\"url\":\"https:\/\/morandewinegroup.cl\/site\/author\/admin\/\"}]}<\/script>\n<!-- \/ Yoast SEO plugin. -->","yoast_head_json":{"title":"Morand\u00e9 elegida Vi\u00f1a del A\u00f1o 2022 ~ Morande Wine Group","robots":{"index":"index","follow":"follow","max-snippet":"max-snippet:-1","max-image-preview":"max-image-preview:large","max-video-preview":"max-video-preview:-1"},"canonical":"https:\/\/morandewinegroup.cl\/site\/2021\/10\/morande-elegida-vina-del-ano-2022\/","og_locale":"es_ES","og_type":"article","og_title":"Morand\u00e9 elegida Vi\u00f1a del A\u00f1o 2022 ~ Morande Wine Group","og_description":"[vc_row row_type=\u00bbrow\u00bb use_row_as_full_screen_section=\u00bbno\u00bb type=\u00bbfull_width\u00bb angled_section=\u00bbno\u00bb text_align=\u00bbleft\u00bb background_image_as_pattern=\u00bbwithout_pattern\u00bb][vc_column][vc_column_text]A la elecci\u00f3n de House of Morand\u00e9 2019 como Mejor Tinto de Chile, se suma el reconocimiento de Vi\u00f1a Morand\u00e9 como Vi\u00f1a del A\u00f1o 2022, premio que por primera vez entrega Gu\u00eda Descorchados en su historia a una vi\u00f1a chilena, consolidando una espectacular participaci\u00f3n en la m\u00e1s prestigiosa gu\u00eda","og_url":"https:\/\/morandewinegroup.cl\/site\/2021\/10\/morande-elegida-vina-del-ano-2022\/","og_site_name":"Morande Wine Group","article_published_time":"2021-10-13T19:28:53+00:00","og_image":[{"width":1920,"height":820,"url":"https:\/\/morandewinegroup.cl\/site\/wp-content\/uploads\/2021\/10\/BANNER_DECSCORCHADOS_VINZADELANZO_ENG1920X820_ESP.jpg","type":"image\/jpeg"}],"author":"MWG","twitter_card":"summary_large_image","twitter_misc":{"Escrito por":"MWG","Tiempo de lectura":"2 minutos"},"schema":{"@context":"https:\/\/schema.org","@graph":[{"@type":"Article","@id":"https:\/\/morandewinegroup.cl\/site\/2021\/10\/morande-elegida-vina-del-ano-2022\/#article","isPartOf":{"@id":"https:\/\/morandewinegroup.cl\/site\/2021\/10\/morande-elegida-vina-del-ano-2022\/"},"author":{"name":"MWG","@id":"https:\/\/morandewinegroup.cl\/site\/#\/schema\/person\/b48d11b273dad3f23aef88ce0de2387d"},"headline":"Morand\u00e9 elegida Vi\u00f1a del A\u00f1o 2022","datePublished":"2021-10-13T19:28:53+00:00","mainEntityOfPage":{"@id":"https:\/\/morandewinegroup.cl\/site\/2021\/10\/morande-elegida-vina-del-ano-2022\/"},"wordCount":457,"commentCount":0,"publisher":{"@id":"https:\/\/morandewinegroup.cl\/site\/#organization"},"image":{"@id":"https:\/\/morandewinegroup.cl\/site\/2021\/10\/morande-elegida-vina-del-ano-2022\/#primaryimage"},"thumbnailUrl":"https:\/\/morandewinegroup.cl\/site\/wp-content\/uploads\/2021\/10\/BANNER_DECSCORCHADOS_VINZADELANZO_ENG1920X820_ESP.jpg","keywords":["guia descorchado","House Of Morand\u00e9","maipo andes","mejor mezcla tinta","mejor tinto de chile"],"articleSection":["Noticias"],"inLanguage":"es","potentialAction":[{"@type":"CommentAction","name":"Comment","target":["https:\/\/morandewinegroup.cl\/site\/2021\/10\/morande-elegida-vina-del-ano-2022\/#respond"]}]},{"@type":"WebPage","@id":"https:\/\/morandewinegroup.cl\/site\/2021\/10\/morande-elegida-vina-del-ano-2022\/","url":"https:\/\/morandewinegroup.cl\/site\/2021\/10\/morande-elegida-vina-del-ano-2022\/","name":"Morand\u00e9 elegida Vi\u00f1a del A\u00f1o 2022 ~ Morande Wine Group","isPartOf":{"@id":"https:\/\/morandewinegroup.cl\/site\/#website"},"primaryImageOfPage":{"@id":"https:\/\/morandewinegroup.cl\/site\/2021\/10\/morande-elegida-vina-del-ano-2022\/#primaryimage"},"image":{"@id":"https:\/\/morandewinegroup.cl\/site\/2021\/10\/morande-elegida-vina-del-ano-2022\/#primaryimage"},"thumbnailUrl":"https:\/\/morandewinegroup.cl\/site\/wp-content\/uploads\/2021\/10\/BANNER_DECSCORCHADOS_VINZADELANZO_ENG1920X820_ESP.jpg","datePublished":"2021-10-13T19:28:53+00:00","breadcrumb":{"@id":"https:\/\/morandewinegroup.cl\/site\/2021\/10\/morande-elegida-vina-del-ano-2022\/#breadcrumb"},"inLanguage":"es","potentialAction":[{"@type":"ReadAction","target":["https:\/\/morandewinegroup.cl\/site\/2021\/10\/morande-elegida-vina-del-ano-2022\/"]}]},{"@type":"ImageObject","inLanguage":"es","@id":"https:\/\/morandewinegroup.cl\/site\/2021\/10\/morande-elegida-vina-del-ano-2022\/#primaryimage","url":"https:\/\/morandewinegroup.cl\/site\/wp-content\/uploads\/2021\/10\/BANNER_DECSCORCHADOS_VINZADELANZO_ENG1920X820_ESP.jpg","contentUrl":"https:\/\/morandewinegroup.cl\/site\/wp-content\/uploads\/2021\/10\/BANNER_DECSCORCHADOS_VINZADELANZO_ENG1920X820_ESP.jpg","width":1920,"height":820},{"@type":"BreadcrumbList","@id":"https:\/\/morandewinegroup.cl\/site\/2021\/10\/morande-elegida-vina-del-ano-2022\/#breadcrumb","itemListElement":[{"@type":"ListItem","position":1,"name":"Portada","item":"https:\/\/morandewinegroup.cl\/site\/"},{"@type":"ListItem","position":2,"name":"Morand\u00e9 elegida Vi\u00f1a del A\u00f1o 2022"}]},{"@type":"WebSite","@id":"https:\/\/morandewinegroup.cl\/site\/#website","url":"https:\/\/morandewinegroup.cl\/site\/","name":"Morande Wine Group","description":"Grupo Enol\u00f3gico de mayor alcance en Chile","publisher":{"@id":"https:\/\/morandewinegroup.cl\/site\/#organization"},"alternateName":"MWG","potentialAction":[{"@type":"SearchAction","target":{"@type":"EntryPoint","urlTemplate":"https:\/\/morandewinegroup.cl\/site\/?s={search_term_string}"},"query-input":{"@type":"PropertyValueSpecification","valueRequired":true,"valueName":"search_term_string"}}],"inLanguage":"es"},{"@type":"Organization","@id":"https:\/\/morandewinegroup.cl\/site\/#organization","name":"Morande Wine Group","alternateName":"MWG","url":"https:\/\/morandewinegroup.cl\/site\/","logo":{"@type":"ImageObject","inLanguage":"es","@id":"https:\/\/morandewinegroup.cl\/site\/#\/schema\/logo\/image\/","url":"https:\/\/morandewinegroup.cl\/site\/wp-content\/uploads\/2025\/07\/cropped-mwg-fav2.png","contentUrl":"https:\/\/morandewinegroup.cl\/site\/wp-content\/uploads\/2025\/07\/cropped-mwg-fav2.png","width":512,"height":512,"caption":"Morande Wine Group"},"image":{"@id":"https:\/\/morandewinegroup.cl\/site\/#\/schema\/logo\/image\/"}},{"@type":"Person","@id":"https:\/\/morandewinegroup.cl\/site\/#\/schema\/person\/b48d11b273dad3f23aef88ce0de2387d","name":"MWG","image":{"@type":"ImageObject","inLanguage":"es","@id":"https:\/\/morandewinegroup.cl\/site\/#\/schema\/person\/image\/","url":"https:\/\/secure.gravatar.com\/avatar\/6cbc9afd354fd8e3628bba7005ecc0e4254ba241d03ba549315e39f07576ea8f?s=96&d=mm&r=g","contentUrl":"https:\/\/secure.gravatar.com\/avatar\/6cbc9afd354fd8e3628bba7005ecc0e4254ba241d03ba549315e39f07576ea8f?s=96&d=mm&r=g","caption":"MWG"},"sameAs":["https:\/\/morandewinegroup.cl\/site"],"url":"https:\/\/morandewinegroup.cl\/site\/author\/admin\/"}]}},"_links":{"self":[{"href":"https:\/\/morandewinegroup.cl\/site\/wp-json\/wp\/v2\/posts\/5633","targetHints":{"allow":["GET"]}}],"collection":[{"href":"https:\/\/morandewinegroup.cl\/site\/wp-json\/wp\/v2\/posts"}],"about":[{"href":"https:\/\/morandewinegroup.cl\/site\/wp-json\/wp\/v2\/types\/post"}],"author":[{"embeddable":true,"href":"https:\/\/morandewinegroup.cl\/site\/wp-json\/wp\/v2\/users\/1"}],"replies":[{"embeddable":true,"href":"https:\/\/morandewinegroup.cl\/site\/wp-json\/wp\/v2\/comments?post=5633"}],"version-history":[{"count":1,"href":"https:\/\/morandewinegroup.cl\/site\/wp-json\/wp\/v2\/posts\/5633\/revisions"}],"predecessor-version":[{"id":5638,"href":"https:\/\/morandewinegroup.cl\/site\/wp-json\/wp\/v2\/posts\/5633\/revisions\/5638"}],"wp:featuredmedia":[{"embeddable":true,"href":"https:\/\/morandewinegroup.cl\/site\/wp-json\/wp\/v2\/media\/5636"}],"wp:attachment":[{"href":"https:\/\/morandewinegroup.cl\/site\/wp-json\/wp\/v2\/media?parent=5633"}],"wp:term":[{"taxonomy":"category","embeddable":true,"href":"https:\/\/morandewinegroup.cl\/site\/wp-json\/wp\/v2\/categories?post=5633"},{"taxonomy":"post_tag","embeddable":true,"href":"https:\/\/morandewinegroup.cl\/site\/wp-json\/wp\/v2\/tags?post=5633"}],"curies":[{"name":"wp","href":"https:\/\/api.w.org\/{rel}","templated":true}]}}